[{"@context":"https:\/\/schema.org\/","@type":"Article","@id":"https:\/\/www.lekro.cz\/i-na-detailech-zalezi\/#Article","mainEntityOfPage":"https:\/\/www.lekro.cz\/i-na-detailech-zalezi\/","headline":"I na detailech z\u00e1le\u017e\u00ed","name":"I na detailech z\u00e1le\u017e\u00ed","description":"K dne\u0161n\u00edm dom\u00e1cnostem, pracovi\u0161t\u00edm a jin\u00fdm prostor\u00e1m u\u017e neodmysliteln\u011b pat\u0159\u00ed i n\u011bjak\u00e9 to um\u011bl\u00e9 osv\u011btlen\u00ed. Tedy logicky to elektrick\u00e9, kter\u00e9 ve v\u0161ech ohledech p\u0159ed\u010d\u00ed to, \u010d\u00edm se u n\u00e1s sv\u00edt\u00edvalo za star\u00fdch \u010das\u016f, d\u0159\u00edve, ne\u017e se u n\u00e1s zabydlel pr\u00e1v\u011b tento zdroj energie. M\u00e1me tak zpravidla ve v\u0161ech m\u00edstnostech n\u011bjakou tu lampu, lustr nebo n\u011bco [&hellip;]","datePublished":"2020-03-17","dateModified":"2024-01-18","author":{"@type":"Person","@id":"https:\/\/www.lekro.cz\/author\/#Person","name":"","url":"https:\/\/www.lekro.cz\/author\/","identifier":1,"image":{"@type":"ImageObject","@id":"https:\/\/secure.gravatar.com\/avatar\/d6cba3ab97c30e0df0e32548954cb6b1550f4672bd3a4687bf1118b122d757e8?s=96&d=mm&r=g","url":"https:\/\/secure.gravatar.com\/avatar\/d6cba3ab97c30e0df0e32548954cb6b1550f4672bd3a4687bf1118b122d757e8?s=96&d=mm&r=g","height":96,"width":96}},"publisher":{"@type":"Organization","name":"lekro.cz","logo":{"@type":"ImageObject","@id":"\/logo.png","url":"\/logo.png","width":600,"height":60}},"image":{"@type":"ImageObject","@id":"https:\/\/www.lekro.cz\/wp-content\/uploads\/art375699_1x1_20260819_153347_LqwXyP.jpg","url":"https:\/\/www.lekro.cz\/wp-content\/uploads\/art375699_1x1_20260819_153347_LqwXyP.jpg","height":0,"width":0},"url":"https:\/\/www.lekro.cz\/i-na-detailech-zalezi\/","about":["Dovolen\u00e1"],"wordCount":454,"articleBody":"\tK dne\u0161n\u00edm dom\u00e1cnostem, pracovi\u0161t\u00edm a jin\u00fdm prostor\u00e1m u\u017e neodmysliteln\u011b pat\u0159\u00ed i n\u011bjak\u00e9 to um\u011bl\u00e9 osv\u011btlen\u00ed. Tedy logicky to elektrick\u00e9, kter\u00e9 ve v\u0161ech ohledech p\u0159ed\u010d\u00ed to, \u010d\u00edm se u n\u00e1s sv\u00edt\u00edvalo za star\u00fdch \u010das\u016f, d\u0159\u00edve, ne\u017e se u n\u00e1s zabydlel pr\u00e1v\u011b tento zdroj energie.\tM\u00e1me tak zpravidla ve v\u0161ech m\u00edstnostech n\u011bjakou tu lampu, lustr nebo n\u011bco podobn\u00e9ho, co n\u00e1m prokazuje v p\u0159\u00edpad\u011b spr\u00e1vn\u00e9 volby p\u0159\u00edmo neoceniteln\u00e9 slu\u017eby.\tJen\u017ee up\u0159\u00edmn\u011b \u2013 ani to nejdokonalej\u0161\u00ed osv\u011btlovac\u00ed t\u011bleso by n\u00e1m nebylo k ni\u010demu, kdyby neexistovaly takov\u00e9 jenom zd\u00e1nliv\u00e9 banality, jak jsou vyp\u00edna\u010de.\tUr\u010dit\u011b je v\u00e1m jasn\u00e9, o \u010dem mluv\u00edm. Kdybychom n\u011bkam vstoupili, cht\u011bli si tam na onen prostor a sv\u00e9 po\u010d\u00edn\u00e1n\u00ed v n\u011bm posv\u00edtit, ale nemohli bychom jednodu\u0161e stisknout vyp\u00edna\u010d, co bychom si po\u010dali? Mo\u017en\u00e1 bychom potm\u011b zastrkovali \u0161\u0148\u016fru od dan\u00e9ho sv\u011btla do z\u00e1suvky, co\u017e by mohlo znamenat t\u0159eba i dlouh\u00e9 hled\u00e1n\u00ed t\u00e9to p\u0159\u00edpojky, mo\u017en\u00e1 bychom museli dokonce s nasazen\u00edm vlastn\u00edho \u017eivota spojovat kabely, kter\u00e9 by n\u00e1m tu tr\u010dely. A to by rozhodn\u011b nebylo ono.\tA proto existuj\u00ed vyp\u00edna\u010de. U nich\u017e sta\u010d\u00ed si jenom pamatovat, kde tyto m\u00e1me um\u00edst\u011bn\u00e9, a o v\u00edc se nen\u00ed t\u0159eba starat. Proto\u017ee pak u\u017e sta\u010d\u00ed jenom na p\u0159\u00edslu\u0161n\u00e9 m\u00edsto m\u00e1\u010dknout a sv\u00edt\u00ed se.\tA kdy\u017e sv\u00edt\u00edme opravdu dokonale, mo\u017en\u00e1 n\u00e1m neunikne, \u017ee ani ten vyp\u00edna\u010d, kter\u00fd tu m\u00e1me, vlastn\u011b nen\u00ed dokonal\u00fd. V\u017edy\u0165 kolikr\u00e1t jenom ze setrva\u010dnosti dodnes pou\u017e\u00edv\u00e1me takov\u00e9 exempl\u00e1\u0159e, jak\u00e9 tu byly u\u017e za na\u0161ich rodi\u010d\u016f \u010di dokonce prarodi\u010d\u016f! A i kdy\u017e jsou tyto t\u0159eba dodnes pln\u011b funk\u010dn\u00ed, p\u0159ece jenom u\u017e to nen\u00ed ono. Modern\u00ed \u010dlov\u011bk by m\u011bl m\u00edt p\u0159ece jenom n\u011bco lep\u0161\u00edho.\tCo?\tSkv\u011bl\u00fdm \u0159e\u0161en\u00edm pro pokrokov\u00e9ho \u010dlov\u011bka je vyu\u017eit\u00ed modern\u00edch vyp\u00edna\u010d\u016f od z\u00e1suvky schneider.\t\tTyto vyp\u00edna\u010de jsou toti\u017e dokonal\u00e9 v mnoha ohledech. Ba co d\u00edm \u2013 tyto jsou dokonce t\u00edm nejlep\u0161\u00edm, co si u n\u00e1s dnes lze po\u0159\u00eddit. Nab\u00edz\u00ed se tu toti\u017e cel\u00e9 \u0161irok\u00e9 portfolio jednotn\u00fdch modul\u00e1rn\u00edch strojk\u016f a modul\u016f v nep\u0159ebern\u00e9 barevn\u00e9 \u0161k\u00e1le. Kolik jenom si tu lze vybrat barev a jejich kombinac\u00ed a design\u016f! A jak si t\u011bmito lze vylep\u0161it jak\u00fdkoliv prostor! Posu\u010fte sami.                                                                                                                                                                                                                                                                                                                                                                                                "},{"@context":"https:\/\/schema.org\/","@type":"BreadcrumbList","itemListElement":[{"@type":"ListItem","position":1,"name":"I na detailech z\u00e1le\u017e\u00ed","item":"https:\/\/www.lekro.cz\/i-na-detailech-zalezi\/#breadcrumbitem"}]}]