[{"@context":"https:\/\/schema.org\/","@type":"Article","@id":"https:\/\/www.lekro.cz\/kam-na-dovolenou\/#Article","mainEntityOfPage":"https:\/\/www.lekro.cz\/kam-na-dovolenou\/","headline":"Kam na dovolenou?","name":"Kam na dovolenou?","description":"Obdob\u00ed dovolen\u00fdch je nej\u010dast\u011bji pr\u00e1v\u011b v l\u00e9t\u011b, proto\u017ee lid\u00e9 tak mohou vyjet i n\u011bkam, kde neb\u00fdv\u00e1 cel\u00fd rok teplo, a tak nemus\u00ed jezdit kdo v\u00ed jak daleko. Nav\u00edc druh\u00fd d\u016fvod, pro\u010d lid\u00e9 jezd\u00ed na dovolenou v l\u00e9t\u011b je ten, \u017ee d\u011bti maj\u00ed pr\u00e1zdniny, a tak toho cht\u011bj\u00ed lid\u00e9, co maj\u00ed d\u011bti vyu\u017e\u00edt, proto\u017ee d\u00edt\u011b pak [&hellip;]","datePublished":"2023-05-29","dateModified":"2023-06-29","author":{"@type":"Person","@id":"https:\/\/www.lekro.cz\/author\/#Person","name":"","url":"https:\/\/www.lekro.cz\/author\/","identifier":1,"image":{"@type":"ImageObject","@id":"https:\/\/secure.gravatar.com\/avatar\/d6cba3ab97c30e0df0e32548954cb6b1550f4672bd3a4687bf1118b122d757e8?s=96&d=mm&r=g","url":"https:\/\/secure.gravatar.com\/avatar\/d6cba3ab97c30e0df0e32548954cb6b1550f4672bd3a4687bf1118b122d757e8?s=96&d=mm&r=g","height":96,"width":96}},"publisher":{"@type":"Organization","name":"lekro.cz","logo":{"@type":"ImageObject","@id":"\/logo.png","url":"\/logo.png","width":600,"height":60}},"image":{"@type":"ImageObject","@id":"https:\/\/www.lekro.cz\/wp-content\/uploads\/inera-isovic-Y6lwa7g0MGk-unsplash.jpg","url":"https:\/\/www.lekro.cz\/wp-content\/uploads\/inera-isovic-Y6lwa7g0MGk-unsplash.jpg","height":0,"width":0},"url":"https:\/\/www.lekro.cz\/kam-na-dovolenou\/","about":["Business"],"wordCount":430,"articleBody":"   Obdob\u00ed dovolen\u00fdch je nej\u010dast\u011bji pr\u00e1v\u011b v l\u00e9t\u011b, proto\u017ee lid\u00e9 tak mohou vyjet i n\u011bkam, kde neb\u00fdv\u00e1 cel\u00fd rok teplo, a tak nemus\u00ed jezdit kdo v\u00ed jak daleko. Nav\u00edc druh\u00fd d\u016fvod, pro\u010d lid\u00e9 jezd\u00ed na dovolenou v l\u00e9t\u011b je ten, \u017ee d\u011bti maj\u00ed pr\u00e1zdniny, a tak toho cht\u011bj\u00ed lid\u00e9, co maj\u00ed d\u011bti vyu\u017e\u00edt, proto\u017ee d\u00edt\u011b pak nezame\u0161k\u00e1 zbyte\u010dn\u011b moc hodin a pokud se n\u011bkdo vyd\u00e1 na dovolenou na dva t\u00fddny minim\u00e1ln\u011b, tak u\u017e by to bylo p\u0159es \u0161koln\u00ed rok hodn\u011b zame\u0161kan\u00fdch hodin, proto je to nejlep\u0161\u00ed p\u0159es pr\u00e1zdniny. Nav\u00edc b\u011bhem roku jsou ty klasick\u00e9 destinace k ni\u010demu, proto\u017ee tam zas tak teplo nen\u00ed, tak\u017ee je lep\u0161\u00ed asi po\u010dkat a\u017e na sez\u00f3nu. B\u011bhem sez\u00f3ny se nav\u00edc m\u016f\u017eete vydat kamkoliv, tak\u017ee to je tak\u00e9 v\u00fdhoda, m\u016f\u017eete se klidn\u011b vydat na dovolenou jen n\u011bkam po \u010cesku, je to asi lep\u0161\u00ed. Lid\u00e9 na dovolenou jezd\u00ed r\u00e1di, proto\u017ee si tam mohou odpo\u010dinout a zapomenout na ve\u0161ker\u00e9 starosti a povinnosti a prost\u011b si jen u\u017e\u00edvat toho, \u017ee n\u011bkde mohou jen tak le\u017eet a nikdo jim za to nic ne\u0159ekne. N\u011bkte\u0159\u00ed lid\u00e9 maj\u00ed ale mnohem rad\u0161i jet t\u0159eba do apartm\u00e1 a tam si va\u0159it a podobn\u011b, nebo dokonce n\u011bkte\u0159\u00ed jedinci maj\u00ed sv\u016fj d\u016fm v dan\u00e9 destinaci. Pokud chcete n\u011bco podobn\u00e9ho, sta\u010d\u00ed se pod\u00edvat na prodej dom\u016f v Chorvatsku a m\u016f\u017eete si vybrat z n\u011bkolika nab\u00eddek. Je to velmi \u010dast\u00e9, \u017ee si lid\u00e9 rad\u011bji koup\u00ed n\u011bjak\u00e9 m\u00edsto, kde pak mohou ve sv\u00e9m tr\u00e1vit \u010das. Je to mnohem lep\u0161\u00ed ne\u017e jezdit st\u00e1le do hotelu, nav\u00edc to m\u00edsto tak\u00e9 pozn\u00e1te trochu z jejich strany a budete se c\u00edtit jako obyvatel dan\u00e9ho m\u00edsta, proto\u017ee tam budete bydlet a va\u0159it si ze surovin, kter\u00e9 prod\u00e1vaj\u00ed tam. To je asi to nejlep\u0161\u00ed.Lid\u00e9 na dovolenou jezd\u00ed tak\u00e9 proto, \u017ee v pr\u00e1ci se prost\u011b ned\u00e1 vydr\u017eet zas tak dlouho a t\u011blo ani mysl to prost\u011b p\u0159estane po n\u011bkolika t\u00fddnech zvl\u00e1dat, proto je lep\u0161\u00ed si v\u017edy d\u00e1t n\u011bjakou takovou p\u0159est\u00e1vku, ale rozhodn\u011b nejen jednou za rok, to ur\u010dit\u011b ne. P\u0159est\u00e1vku si d\u00e1vejte i b\u011bhem roku, abyste obnovili sv\u016fj mozek.                                                                                                                                                                                                                                                                                                                                                                                                  "},{"@context":"https:\/\/schema.org\/","@type":"BreadcrumbList","itemListElement":[{"@type":"ListItem","position":1,"name":"Kam na dovolenou?","item":"https:\/\/www.lekro.cz\/kam-na-dovolenou\/#breadcrumbitem"}]}]