[{"@context":"https:\/\/schema.org\/","@type":"Article","@id":"https:\/\/www.lekro.cz\/mame-plne-kvalifikovane-ucitele\/#Article","mainEntityOfPage":"https:\/\/www.lekro.cz\/mame-plne-kvalifikovane-ucitele\/","headline":"M\u00e1me pln\u011b kvalifikovan\u00e9 u\u010ditele","name":"M\u00e1me pln\u011b kvalifikovan\u00e9 u\u010ditele","description":"Vyu\u017eijte t\u00e9to skv\u011bl\u00e9 \u0161ance a p\u0159ihlaste se do na\u0161\u00ed auto\u0161koly Praha. Jsme p\u0159esv\u011bd\u010deni, \u017ee u n\u00e1s se v\u00e1m bude l\u00edbit. Ud\u011bl\u00e1me v\u0161echno pro to, abyste v\u00fduku zvl\u00e1dli co nejl\u00e9pe. Vyu\u017e\u00edv\u00e1me modern\u00edch vyu\u010dovac\u00edch technik, v\u010detn\u011b nejmodern\u011bj\u0161\u00edch trena\u017e\u00e9r\u016f v Evropsk\u00e9 unii. Vyu\u017e\u00edv\u00e1me je pro v\u00fduku \u0159idi\u010d\u016f skupin \u201eA\u201c a \u201eB\u201c. P\u0159ihlaste se k n\u00e1m. T\u011b\u0161\u00edme se na [&hellip;]","datePublished":"2024-11-20","dateModified":"2024-11-20","author":{"@type":"Person","@id":"https:\/\/www.lekro.cz\/author\/#Person","name":"","url":"https:\/\/www.lekro.cz\/author\/","identifier":1,"image":{"@type":"ImageObject","@id":"https:\/\/secure.gravatar.com\/avatar\/d6cba3ab97c30e0df0e32548954cb6b1550f4672bd3a4687bf1118b122d757e8?s=96&d=mm&r=g","url":"https:\/\/secure.gravatar.com\/avatar\/d6cba3ab97c30e0df0e32548954cb6b1550f4672bd3a4687bf1118b122d757e8?s=96&d=mm&r=g","height":96,"width":96}},"publisher":{"@type":"Organization","name":"lekro.cz","logo":{"@type":"ImageObject","@id":"\/logo.png","url":"\/logo.png","width":600,"height":60}},"url":"https:\/\/www.lekro.cz\/mame-plne-kvalifikovane-ucitele\/","wordCount":182,"articleBody":"Vyu\u017eijte t\u00e9to skv\u011bl\u00e9 \u0161ance a p\u0159ihlaste se do na\u0161\u00ed auto\u0161koly Praha. Jsme p\u0159esv\u011bd\u010deni, \u017ee u n\u00e1s se v\u00e1m bude l\u00edbit. Ud\u011bl\u00e1me v\u0161echno pro to, abyste v\u00fduku zvl\u00e1dli co nejl\u00e9pe. Vyu\u017e\u00edv\u00e1me modern\u00edch vyu\u010dovac\u00edch technik, v\u010detn\u011b nejmodern\u011bj\u0161\u00edch trena\u017e\u00e9r\u016f v Evropsk\u00e9 unii. Vyu\u017e\u00edv\u00e1me je pro v\u00fduku \u0159idi\u010d\u016f skupin \u201eA\u201c a \u201eB\u201c. P\u0159ihlaste se k n\u00e1m. T\u011b\u0161\u00edme se na v\u00e1s.\tS n\u00e1mi z\u00edsk\u00e1te \u0159idi\u010dsk\u00e9 opr\u00e1vn\u011bn\u00edNem\u00e1te dosud \u0159idi\u010dsk\u00fd pr\u016fkaz? Pak to zkuste rychle napravit. P\u0159ihlaste se do na\u0161\u00ed auto\u0161koly Praha. Tam v\u00e1s v\u0161echno nau\u010d\u00edme. Na\u0161i u\u010ditel\u00e9 jsou klidn\u00ed a bezkonfliktn\u00ed. Na nikoho z v\u00e1s nervozitu proto nebudou p\u0159en\u00e1\u0161et. Znaj\u00ed v\u00fdborn\u011b hust\u00fd provoz na pra\u017esk\u00fdch komunikac\u00edch. Uvid\u00edte, \u017ee brzy se to nau\u010d\u00edte i vy sami. Sta\u010d\u00ed se p\u0159ihl\u00e1sit a m\u016f\u017eeme za\u010d\u00edt s va\u0161\u00ed v\u00fdukou.                                                                                                                                                                                                                                                                                                                                                                                                "},{"@context":"https:\/\/schema.org\/","@type":"BreadcrumbList","itemListElement":[{"@type":"ListItem","position":1,"name":"M\u00e1me pln\u011b kvalifikovan\u00e9 u\u010ditele","item":"https:\/\/www.lekro.cz\/mame-plne-kvalifikovane-ucitele\/#breadcrumbitem"}]}]