[{"@context":"https:\/\/schema.org\/","@type":"Article","@id":"https:\/\/www.lekro.cz\/ostrava-a-prace\/#Article","mainEntityOfPage":"https:\/\/www.lekro.cz\/ostrava-a-prace\/","headline":"Ostrava a pr\u00e1ce","name":"Ostrava a pr\u00e1ce","description":"Mysl\u00edm si, \u017ee lid\u00e9 by si m\u011bli zjistit tak\u00e9 r\u016fzn\u00e9 mo\u017enosti, ne\u017e za\u010dnou podnikat. M\u011bli by si zjistit r\u016fzn\u00e9 finan\u010dn\u00ed a ekonomick\u00e9 situace, aby v\u011bd\u011bli, jestli se to v\u016fbec vyplat\u00ed. J\u00e1 sama, kdy\u017e jsem cht\u011bla v\u017edycky pracovat, podnikat, tak jsem si taky v\u017edycky zji\u0161\u0165ovala r\u016fzn\u00e9 ud\u00e1losti a v\u011bci, kter\u00e9 by se mi mohli st\u00e1t, kdyby [&hellip;]","datePublished":"2023-06-26","dateModified":"2023-07-26","author":{"@type":"Person","@id":"https:\/\/www.lekro.cz\/author\/#Person","name":"","url":"https:\/\/www.lekro.cz\/author\/","identifier":1,"image":{"@type":"ImageObject","@id":"https:\/\/secure.gravatar.com\/avatar\/d6cba3ab97c30e0df0e32548954cb6b1550f4672bd3a4687bf1118b122d757e8?s=96&d=mm&r=g","url":"https:\/\/secure.gravatar.com\/avatar\/d6cba3ab97c30e0df0e32548954cb6b1550f4672bd3a4687bf1118b122d757e8?s=96&d=mm&r=g","height":96,"width":96}},"publisher":{"@type":"Organization","name":"lekro.cz","logo":{"@type":"ImageObject","@id":"\/logo.png","url":"\/logo.png","width":600,"height":60}},"image":{"@type":"ImageObject","@id":"https:\/\/www.lekro.cz\/wp-content\/uploads\/ostrava-2230959_1280.jpg","url":"https:\/\/www.lekro.cz\/wp-content\/uploads\/ostrava-2230959_1280.jpg","height":0,"width":0},"url":"https:\/\/www.lekro.cz\/ostrava-a-prace\/","about":["Business"],"wordCount":412,"articleBody":"   Mysl\u00edm si, \u017ee lid\u00e9 by si m\u011bli zjistit tak\u00e9 r\u016fzn\u00e9 mo\u017enosti, ne\u017e za\u010dnou podnikat. M\u011bli by si zjistit r\u016fzn\u00e9 finan\u010dn\u00ed a ekonomick\u00e9 situace, aby v\u011bd\u011bli, jestli se to v\u016fbec vyplat\u00ed. J\u00e1 sama, kdy\u017e jsem cht\u011bla v\u017edycky pracovat, podnikat, tak jsem si taky v\u017edycky zji\u0161\u0165ovala r\u016fzn\u00e9 ud\u00e1losti a v\u011bci, kter\u00e9 by se mi mohli st\u00e1t, kdyby se mi t\u0159eba nepoda\u0159ilo v\u016fbec podnik\u00e1n\u00ed. A to jsem byla opravdu r\u00e1da, kdy\u017e mi m\u016fj p\u0159\u00edtel tak\u00e9 dod\u00e1val r\u016fzn\u00e9 rady, kter\u00e9 se t\u00fdkaly ohledn\u011b podnik\u00e1n\u00ed. M\u016fj p\u0159\u00edtel toti\u017e m\u00e1 r\u016fzn\u00e9 zku\u0161enosti, proto\u017ee se sv\u00fdm otcem \u0161est let podnikal. Jenom\u017ee kdy\u017e potom jeho otec zem\u0159el, tak p\u0159\u00edtel se rozhodl, \u017ee nebude v\u016fbec pokra\u010dovat, proto\u017ee mu to st\u00e1le p\u0159ipom\u00ednalo pr\u00e1ci jeho otce. Podle m\u00e9ho n\u00e1zoru je opravdu skv\u011bl\u00e9, kdy\u017e lid\u00e9 takhle stoj\u00ed p\u0159i sob\u011b, proto\u017ee podnik\u00e1n\u00ed se jim aspo\u0148 takhle da\u0159\u00ed, n\u011bkdy je ale lep\u0161\u00ed skon\u010dit. Proto jsem si \u0159ekla, \u017ee tak\u00e9 nejlep\u0161\u00ed bude, kdy\u017e lid\u00e9 maj\u00ed lukrativn\u00ed m\u00edsto, kdy\u017e maj\u00ed firmu na dobr\u00e9 adrese. A co t\u0159eba potom virtu\u00e1ln\u00ed s\u00eddlo? A zn\u00e1te v\u016fbec, co je to virtu\u00e1ln\u00ed s\u00eddlo? M\u016f\u017eete m\u00edt nap\u0159\u00edklad s\u00eddlo firmy v Ostrav\u011b. M\u011b se tohle opravdu hodn\u011b l\u00edb\u00ed, proto\u017ee jsem si \u0159ekla, \u017ee kdybych podnikala, tak bych podnikala v Ostrav\u011b. Proto\u017ee bydl\u00edm ve vesnici vedle Ostravy, tak\u017ee Ostrava by pro m\u011b byla naprosto ide\u00e1ln\u00ed.M\u016f\u017eete se tak\u00e9 pod\u00edvat na webov\u00e9 str\u00e1nky kancelar29.cz, kde se dozv\u00edte opravdu plno informac\u00ed o tom, jak a pro\u010d podnikat anebo co je to s\u00eddlo firmy v Ostrav\u011b anebo co znamen\u00e1 virtu\u00e1ln\u00ed s\u00eddlo. S virtu\u00e1ln\u00edm s\u00eddlem opravdu u\u0161et\u0159\u00edte spoustu pen\u011bz, proto\u017ee je to levn\u011bj\u0161\u00ed a nemus\u00edte vynalo\u017eit takov\u00e9 velk\u00e9 prost\u0159edky, jako kdybyste m\u011bli fyzick\u00e9 s\u00eddlo. Z\u00e1le\u017e\u00ed na v\u00e1s, jak se sami rozhodnete, proto\u017ee mo\u017enost\u00ed jsou opravdu moc r\u016fzn\u00e9. S\u00eddlo firmy v Ostrav\u011b https:\/\/kancelar29.cz\/virtualni-sidlo-ostrava\/ pro v\u00e1s bude skv\u011bl\u00e1 a levn\u00e1 mo\u017enost. A tak\u00e9 nezapome\u0148te, \u017ee z\u00e1le\u017e\u00ed tak\u00e9 na dostupnosti va\u0161eho s\u00eddla v Ostrav\u011b.                                                                                                                                                                                                                                                                                                                                                                                                   "},{"@context":"https:\/\/schema.org\/","@type":"BreadcrumbList","itemListElement":[{"@type":"ListItem","position":1,"name":"Ostrava a pr\u00e1ce","item":"https:\/\/www.lekro.cz\/ostrava-a-prace\/#breadcrumbitem"}]}]