[{"@context":"https:\/\/schema.org\/","@type":"Article","@id":"https:\/\/www.lekro.cz\/proc-je-u-nas-krize-nemovitosti\/#Article","mainEntityOfPage":"https:\/\/www.lekro.cz\/proc-je-u-nas-krize-nemovitosti\/","headline":"Pro\u010d je u n\u00e1s krize nemovitost\u00ed","name":"Pro\u010d je u n\u00e1s krize nemovitost\u00ed","description":"Jednou z\u00a0v\u011bc\u00ed, kter\u00e1 v\u00a0sou\u010dasn\u00e9 dob\u011b na\u0161i zemi tr\u00e1p\u00ed, je bezesporu krize bydlen\u00ed. Co toto slovn\u00ed spojen\u00ed ale znamen\u00e1? Jednodu\u0161e \u0159e\u010deno, dovolit si bydlet, a\u0165 u\u017e ve vlastn\u00edm \u010di v\u00a0n\u00e1jmu, je \u010d\u00edm d\u00e1l t\u011b\u017e\u0161\u00ed, p\u0159edev\u0161\u00edm kv\u016fli rostouc\u00edm cen\u00e1m. To samoz\u0159ejm\u011b zvy\u0161uje po\u010det bezdomovc\u016f, co\u017e rozhodn\u011b nen\u00ed ide\u00e1ln\u00ed, nebo\u0165 to vede k\u00a0dal\u0161\u00edm probl\u00e9m\u016fm. Pokud se ale toho [&hellip;]","datePublished":"2023-12-12","dateModified":"2023-12-12","author":{"@type":"Person","@id":"https:\/\/www.lekro.cz\/author\/#Person","name":"","url":"https:\/\/www.lekro.cz\/author\/","identifier":1,"image":{"@type":"ImageObject","@id":"https:\/\/secure.gravatar.com\/avatar\/d6cba3ab97c30e0df0e32548954cb6b1550f4672bd3a4687bf1118b122d757e8?s=96&d=mm&r=g","url":"https:\/\/secure.gravatar.com\/avatar\/d6cba3ab97c30e0df0e32548954cb6b1550f4672bd3a4687bf1118b122d757e8?s=96&d=mm&r=g","height":96,"width":96}},"publisher":{"@type":"Organization","name":"lekro.cz","logo":{"@type":"ImageObject","@id":"\/logo.png","url":"\/logo.png","width":600,"height":60}},"image":{"@type":"ImageObject","@id":"https:\/\/www.lekro.cz\/wp-content\/uploads\/bydliste2_10_4.jpg","url":"https:\/\/www.lekro.cz\/wp-content\/uploads\/bydliste2_10_4.jpg","height":0,"width":0},"url":"https:\/\/www.lekro.cz\/proc-je-u-nas-krize-nemovitosti\/","about":["Byt a d\u016fm"],"wordCount":440,"articleBody":"Jednou z\u00a0v\u011bc\u00ed, kter\u00e1 v\u00a0sou\u010dasn\u00e9 dob\u011b na\u0161i zemi tr\u00e1p\u00ed, je bezesporu krize bydlen\u00ed. Co toto slovn\u00ed spojen\u00ed ale znamen\u00e1? Jednodu\u0161e \u0159e\u010deno, dovolit si bydlet, a\u0165 u\u017e ve vlastn\u00edm \u010di v\u00a0n\u00e1jmu, je \u010d\u00edm d\u00e1l t\u011b\u017e\u0161\u00ed, p\u0159edev\u0161\u00edm kv\u016fli rostouc\u00edm cen\u00e1m. To samoz\u0159ejm\u011b zvy\u0161uje po\u010det bezdomovc\u016f, co\u017e rozhodn\u011b nen\u00ed ide\u00e1ln\u00ed, nebo\u0165 to vede k\u00a0dal\u0161\u00edm probl\u00e9m\u016fm. Pokud se ale toho chceme zbavit, je pot\u0159eba se pod\u00edvat, kde m\u00e1 tento probl\u00e9m p\u0159\u00ed\u010dinu. Faktor\u016f, kter\u00e9 jej zp\u016fsobuj\u00ed, je toti\u017e hned n\u011bkolik.\u00a0\u00a0T\u00edm prvn\u00edm je to, \u017ee plocha pro stavbu nov\u00fdch obytn\u00fdch za\u0159\u00edzen\u00ed, a\u0165 u\u017e rodinn\u00fdch \u010di bytov\u00fdch dom\u016f, se neust\u00e1le zmen\u0161uje. A\u0165 se n\u00e1m to l\u00edb\u00ed, nebo ne, nem\u016f\u017eeme si zastavit republiku, a zvl\u00e1\u0161t\u011b ne \u00farodnou ornou p\u016fdu, kter\u00e9 je u\u017e tak pom\u00e1lu. Jist\u011b, potravinov\u00e9 sob\u011bsta\u010dnosti dos\u00e1hnout nem\u016f\u017eeme, av\u0161ak m\u011bli bychom m\u00edt alespo\u0148 \u010d\u00e1st produkce vlastn\u00ed. Jak v\u0161ak diktuj\u00ed z\u00e1kony trhu, \u010d\u00edm vz\u00e1cn\u011bj\u0161\u00ed a \u017e\u00e1dan\u011bj\u0161\u00ed n\u011bjak\u00e1 komodita je, t\u00edm roste jej\u00ed cena.\u00a0D\u00e1le je to fakt, \u017ee postavit si nov\u00fd d\u016fm je administrativn\u011b \u010d\u00edm d\u00e1l n\u00e1ro\u010dn\u011bj\u0161\u00ed. Pot\u0159ebujeme celou \u0159adu povolen\u00ed, kter\u00e1 nen\u00ed snadn\u00e9 z\u00edskat, a snadno se m\u016f\u017ee st\u00e1t, \u017ee n\u00e1m bude n\u011bkter\u00e9 z\u00a0nich zam\u00edtnuto. To samoz\u0159ejm\u011b tak\u00e9 limituje v\u00fdstavbu, a tedy i nov\u00e1 bydlen\u00ed. Kdy\u017e k\u00a0tomu p\u0159id\u00e1me fakt, \u017ee po\u010det lid\u00ed v\u00a0na\u0161\u00ed republice neust\u00e1le roste, je jasn\u00e9, pro\u010d to zp\u016fsobuje takov\u00e9 pot\u00ed\u017ee.\u00a0\u00a0Opomenout v\u0161ak nesm\u00edme ani ekonomickou situaci lid\u00ed v\u00a0pr\u016fb\u011bhu posledn\u00edch n\u011bkolika let, zp\u016fsobenou pandemi\u00ed covidu a v\u00e1lkou na Ukrajin\u011b. V\u00a0jej\u00edm d\u016fsledku maj\u00ed lid\u00e9 m\u00e9n\u011b pen\u011bz ne\u017e d\u0159\u00edve, a tedy i ni\u017e\u0161\u00ed kupn\u00ed s\u00edlu. Spolu s\u00a0prudce rostouc\u00ed inflac\u00ed to pak znamen\u00e1, \u017ee mnoho z\u00a0nich st\u011b\u017e\u00ed vyjde, nato\u017e aby si na\u0161et\u0159ilo na nov\u00e9 bydlen\u00ed.\u00a0Je tu v\u0161ak i na\u0161e mentalita bydlen\u00ed \u201eve vlastn\u00edm\u201c. Jednodu\u0161e \u0159e\u010deno, neradi bydl\u00edme v\u00a0n\u00e1jmu. M\u00e1me zkr\u00e1tka r\u00e1di \u201esv\u00e9 jist\u00e9\u201c. To v\u0161ak znamen\u00e1, \u017ee za bydlen\u00ed d\u00e1me mnohem v\u00edce pen\u011bz, ne\u017e kdybychom jen platili n\u00e1jem.\u00a0Je tedy jasn\u00e9, \u017ee je tu cel\u00e1 \u0159ada probl\u00e9m\u016f. V\u011bt\u0161ina z\u00a0nich v\u0161ak bohu\u017eel v\u00a0sou\u010dasn\u00e9 dob\u011b nem\u00e1 v\u00a0podstat\u011b \u017e\u00e1dn\u00e9 \u0159e\u0161en\u00ed.                                                                                                                                                                                                                                                                                                                                                                                                "},{"@context":"https:\/\/schema.org\/","@type":"BreadcrumbList","itemListElement":[{"@type":"ListItem","position":1,"name":"Pro\u010d je u n\u00e1s krize nemovitost\u00ed","item":"https:\/\/www.lekro.cz\/proc-je-u-nas-krize-nemovitosti\/#breadcrumbitem"}]}]